{"id":2113,"date":"2024-05-25T14:32:18","date_gmt":"2024-05-25T14:32:18","guid":{"rendered":"https:\/\/apem.com.pt\/wp\/?p=2113"},"modified":"2024-08-14T09:54:19","modified_gmt":"2024-08-14T09:54:19","slug":"forum-de-lideranca-na-academia-militar","status":"publish","type":"post","link":"https:\/\/apem.com.pt\/wp\/forum-de-lideranca-na-academia-militar\/","title":{"rendered":"F\u00f3rum de Lideran\u00e7a Partilhada"},"content":{"rendered":"<div class=\"x11i5rnm xat24cr x1mh8g0r x1vvkbs xtlvy1s x126k92a\">\n<p dir=\"auto\">Na pr\u00f3xima segunda-feira, dia 27 de maio de 2024, pelas 09h30, ter\u00e1 lugar no Audit\u00f3rio D. Maria I, na Academia Militar, em Lisboa, o F\u00f3rum &#8216;Lideran\u00e7a Partilhada&#8217; no \u00e2mbito da Unidade Curricular de \u00c9tica e Lideran\u00e7a.<\/p>\n<p dir=\"auto\">Este f\u00f3rum conta com a participa\u00e7\u00e3o dos ilustres convidados das \u00e1reas da forma\u00e7\u00e3o e da sa\u00fade, nomeadamente o Capit\u00e3o do Servi\u00e7o de Sa\u00fade Jos\u00e9 Vilhena e da Dr.\u00aa Margarida Segard, Diretora de Forma\u00e7\u00e3o do ISQ Academy.<\/p>\n<\/div>\n<p dir=\"auto\">O evento encontra-se aberto ao p\u00fablico em geral.<\/p>\n<p dir=\"auto\"><a href=\"https:\/\/www.facebook.com\/academiamilitar.portugal\">https:\/\/www.facebook.com\/academiamilitar.portugal<\/a><\/p>\n","protected":false},"excerpt":{"rendered":"<p>Na pr\u00f3xima segunda-feira, dia 27 de maio de 2024, pelas 09h30, ter\u00e1 lugar no Audit\u00f3rio D. Maria I, na Academia Militar, em Lisboa, o F\u00f3rum &#8216;Lideran\u00e7a Partilhada&#8217; no \u00e2mbito da Unidade Curricular de \u00c9tica e Lideran\u00e7a. Este f\u00f3rum conta com a participa\u00e7\u00e3o dos ilustres convidados das \u00e1reas da forma\u00e7\u00e3o e da sa\u00fade, nomeadamente o Capit\u00e3o<\/p>\n","protected":false},"author":1,"featured_media":2114,"comment_status":"closed","ping_status":"closed","sticky":false,"template":"","format":"standard","meta":{"footnotes":""},"categories":[26,27,61,28],"tags":[],"class_list":["post-2113","post","type-post","status-publish","format-standard","has-post-thumbnail","hentry","category-destaques","category-diversos","category-formacao","category-noticias"],"_links":{"self":[{"href":"https:\/\/apem.com.pt\/wp\/wp-json\/wp\/v2\/posts\/2113","targetHints":{"allow":["GET"]}}],"collection":[{"href":"https:\/\/apem.com.pt\/wp\/wp-json\/wp\/v2\/posts"}],"about":[{"href":"https:\/\/apem.com.pt\/wp\/wp-json\/wp\/v2\/types\/post"}],"author":[{"embeddable":true,"href":"https:\/\/apem.com.pt\/wp\/wp-json\/wp\/v2\/users\/1"}],"replies":[{"embeddable":true,"href":"https:\/\/apem.com.pt\/wp\/wp-json\/wp\/v2\/comments?post=2113"}],"version-history":[{"count":8,"href":"https:\/\/apem.com.pt\/wp\/wp-json\/wp\/v2\/posts\/2113\/revisions"}],"predecessor-version":[{"id":2116,"href":"https:\/\/apem.com.pt\/wp\/wp-json\/wp\/v2\/posts\/2113\/revisions\/2116"}],"wp:featuredmedia":[{"embeddable":true,"href":"https:\/\/apem.com.pt\/wp\/wp-json\/wp\/v2\/media\/2114"}],"wp:attachment":[{"href":"https:\/\/apem.com.pt\/wp\/wp-json\/wp\/v2\/media?parent=2113"}],"wp:term":[{"taxonomy":"category","embeddable":true,"href":"https:\/\/apem.com.pt\/wp\/wp-json\/wp\/v2\/categories?post=2113"},{"taxonomy":"post_tag","embeddable":true,"href":"https:\/\/apem.com.pt\/wp\/wp-json\/wp\/v2\/tags?post=2113"}],"curies":[{"name":"wp","href":"https:\/\/api.w.org\/{rel}","templated":true}]}}