{"id":1962,"date":"2023-03-30T19:49:38","date_gmt":"2023-03-30T19:49:38","guid":{"rendered":"https:\/\/apem.com.pt\/wp\/?p=1962"},"modified":"2023-03-30T20:02:53","modified_gmt":"2023-03-30T20:02:53","slug":"tomada-de-posse","status":"publish","type":"post","link":"https:\/\/apem.com.pt\/wp\/tomada-de-posse\/","title":{"rendered":"\u00d3rg\u00e3os Sociais do Bi\u00e9nio 2023\/2025"},"content":{"rendered":"\n\n\nNo passado s\u00e1bado, dia 25 de mar\u00e7o de 2023, decorreu no Clube de Sargentos da Armada, no Feij\u00f3, mais uma elei\u00e7\u00e3o para os \u00f3rg\u00e3os sociais da APEM, conforme convocat\u00f3ria p\u00fablica.\n<p><br><\/p>\n<p>\n<\/p>\n<p>\n<\/p>\n<p>Os novos \u00d3rg\u00e3os Sociais s\u00e3o:<\/p>\n<p><strong><br><\/strong><\/p>\n<p><strong>Dire\u00e7\u00e3o<\/strong><\/p>\n<p><strong><\/strong>Presidente: Jos\u00e9 Vilhena<\/p>\n<p>Vice-Presidente: Jos\u00e9 Bizarro<\/p>\n<p>Vice-Presidente: Dinis Costa<\/p>\n<p>Vice-Presidente: Miguel Martins<\/p>\n<p>Tesoureiro: Sandra Carlos<\/p>\n<p>Secret\u00e1rio: Jo\u00e3o Faria<\/p>\n<p>Vogal: Sandra Costa<\/p>\n<p><strong><br><\/strong><\/p>\n<p><strong>Mesa da Assembleia Geral<\/strong><\/p>\n<p><strong><\/strong>Presidente: Ismael Costa<\/p>\n<p>Vice-Presidente: Jorge Pires<\/p>\n<p>Vice-Presidente: Jo\u00e3o Barros<\/p>\n<p><strong><br><\/strong><\/p>\n<p><strong>Conselho T\u00e9cnico-Cient\u00edfico<\/strong><\/p>\n<p><strong><\/strong>Presidente: Jo\u00e3o Rega<\/p>\n<p>Vice-Presidente: Luis Nunes<\/p>\n<p><strong><br><\/strong><\/p>\n<p><strong>Conselho Fiscal<\/strong><\/p>\n<p><strong><\/strong>Presidente: Nuno Carvalho<\/p>\n<p>Vice-Presidente: Luis Rodrigues<\/p>\n<p>Vice-Presidente: Jos\u00e9 Nobre\n<\/p>\n\n\n","protected":false},"excerpt":{"rendered":"","protected":false},"author":1,"featured_media":0,"comment_status":"closed","ping_status":"closed","sticky":false,"template":"","format":"standard","meta":{"footnotes":""},"categories":[3,29,26,54,28],"tags":[],"class_list":["post-1962","post","type-post","status-publish","format-standard","hentry","category-artigos","category-corpos-sociais","category-destaques","category-mensagens","category-noticias"],"_links":{"self":[{"href":"https:\/\/apem.com.pt\/wp\/wp-json\/wp\/v2\/posts\/1962","targetHints":{"allow":["GET"]}}],"collection":[{"href":"https:\/\/apem.com.pt\/wp\/wp-json\/wp\/v2\/posts"}],"about":[{"href":"https:\/\/apem.com.pt\/wp\/wp-json\/wp\/v2\/types\/post"}],"author":[{"embeddable":true,"href":"https:\/\/apem.com.pt\/wp\/wp-json\/wp\/v2\/users\/1"}],"replies":[{"embeddable":true,"href":"https:\/\/apem.com.pt\/wp\/wp-json\/wp\/v2\/comments?post=1962"}],"version-history":[{"count":6,"href":"https:\/\/apem.com.pt\/wp\/wp-json\/wp\/v2\/posts\/1962\/revisions"}],"predecessor-version":[{"id":1970,"href":"https:\/\/apem.com.pt\/wp\/wp-json\/wp\/v2\/posts\/1962\/revisions\/1970"}],"wp:attachment":[{"href":"https:\/\/apem.com.pt\/wp\/wp-json\/wp\/v2\/media?parent=1962"}],"wp:term":[{"taxonomy":"category","embeddable":true,"href":"https:\/\/apem.com.pt\/wp\/wp-json\/wp\/v2\/categories?post=1962"},{"taxonomy":"post_tag","embeddable":true,"href":"https:\/\/apem.com.pt\/wp\/wp-json\/wp\/v2\/tags?post=1962"}],"curies":[{"name":"wp","href":"https:\/\/api.w.org\/{rel}","templated":true}]}}